{"id":233,"date":"2021-04-20T15:56:13","date_gmt":"2021-04-20T14:56:13","guid":{"rendered":"https:\/\/www.barv.pt\/?p=233"},"modified":"2021-04-20T15:56:13","modified_gmt":"2021-04-20T14:56:13","slug":"o-direito-real-de-habitacao-duradoura-podera-ser-uma-alternativa-face-aos-desafios-atuais-do-mercado-imobiliario","status":"publish","type":"post","link":"https:\/\/www.barv.pt\/index.php\/2021\/04\/20\/o-direito-real-de-habitacao-duradoura-podera-ser-uma-alternativa-face-aos-desafios-atuais-do-mercado-imobiliario\/","title":{"rendered":"O Direito Real de Habita\u00e7\u00e3o Duradoura, poder\u00e1 ser uma alternativa face aos desafios atuais do mercado imobili\u00e1rio."},"content":{"rendered":"<a href=\"https:\/\/www.barv.pt\/wp-content\/uploads\/2021\/04\/Newsletter_Direito-real-habilitacao-duradoura_20.04.2021.pdf\" class=\"pdfemb-viewer\" style=\"\" data-width=\"max\" data-height=\"max\" data-toolbar=\"bottom\" data-toolbar-fixed=\"off\">Newsletter_Direito-real-habilitacao-duradoura_20.04.2021<\/a>\n<p class=\"wp-block-pdfemb-pdf-embedder-viewer\"><\/p>\n\n\n<p><\/p>\n","protected":false},"excerpt":{"rendered":"","protected":false},"author":2,"featured_media":0,"comment_status":"closed","ping_status":"closed","sticky":false,"template":"","format":"standard","meta":{"footnotes":""},"categories":[3],"tags":[],"class_list":["post-233","post","type-post","status-publish","format-standard","hentry","category-non-classe"],"_links":{"self":[{"href":"https:\/\/www.barv.pt\/index.php\/wp-json\/wp\/v2\/posts\/233","targetHints":{"allow":["GET"]}}],"collection":[{"href":"https:\/\/www.barv.pt\/index.php\/wp-json\/wp\/v2\/posts"}],"about":[{"href":"https:\/\/www.barv.pt\/index.php\/wp-json\/wp\/v2\/types\/post"}],"author":[{"embeddable":true,"href":"https:\/\/www.barv.pt\/index.php\/wp-json\/wp\/v2\/users\/2"}],"replies":[{"embeddable":true,"href":"https:\/\/www.barv.pt\/index.php\/wp-json\/wp\/v2\/comments?post=233"}],"version-history":[{"count":0,"href":"https:\/\/www.barv.pt\/index.php\/wp-json\/wp\/v2\/posts\/233\/revisions"}],"wp:attachment":[{"href":"https:\/\/www.barv.pt\/index.php\/wp-json\/wp\/v2\/media?parent=233"}],"wp:term":[{"taxonomy":"category","embeddable":true,"href":"https:\/\/www.barv.pt\/index.php\/wp-json\/wp\/v2\/categories?post=233"},{"taxonomy":"post_tag","embeddable":true,"href":"https:\/\/www.barv.pt\/index.php\/wp-json\/wp\/v2\/tags?post=233"}],"curies":[{"name":"wp","href":"https:\/\/api.w.org\/{rel}","templated":true}]}}