{"id":550,"date":"2022-11-24T10:31:59","date_gmt":"2022-11-24T10:31:59","guid":{"rendered":"https:\/\/www.barv.pt\/?p=550"},"modified":"2025-12-03T21:22:04","modified_gmt":"2025-12-03T21:22:04","slug":"utilizacao-de-imovel-da-heranca-por-cabeca-de-casal","status":"publish","type":"post","link":"https:\/\/www.barv.pt\/index.php\/2022\/11\/24\/utilizacao-de-imovel-da-heranca-por-cabeca-de-casal\/","title":{"rendered":"Utiliza\u00e7\u00e3o de im\u00f3vel da heran\u00e7a por cabe\u00e7a de casal"},"content":{"rendered":"<style>\/*! elementor - v3.8.0 - 30-10-2022 *\/<br \/>\n.elementor-widget-image{text-align:center}.elementor-widget-image a{display:inline-block}.elementor-widget-image a img[src$=\".svg\"]{width:48px}.elementor-widget-image img{vertical-align:middle;display:inline-block}<\/style>\n<p>\t\t\t\t\t\t\t\t\t\t\t\t<img loading=\"lazy\" decoding=\"async\" width=\"1024\" height=\"724\" src=\"https:\/\/www.barv.pt\/wp-content\/uploads\/2022\/11\/pagina01-2-1024x724.jpg\" alt=\"Utiliza\u00e7\u00e3o de im\u00f3vel da heran\u00e7a por cabe\u00e7a de casal\" loading=\"lazy\" srcset=\"https:\/\/www.barv.pt\/wp-content\/uploads\/2022\/11\/pagina01-2-1024x724.jpg 1024w, https:\/\/www.barv.pt\/wp-content\/uploads\/2022\/11\/pagina01-2-300x212.jpg 300w, https:\/\/www.barv.pt\/wp-content\/uploads\/2022\/11\/pagina01-2-768x543.jpg 768w, https:\/\/www.barv.pt\/wp-content\/uploads\/2022\/11\/pagina01-2-1536x1086.jpg 1536w, https:\/\/www.barv.pt\/wp-content\/uploads\/2022\/11\/pagina01-2-2048x1448.jpg 2048w, https:\/\/www.barv.pt\/wp-content\/uploads\/2022\/11\/pagina01-2-207x146.jpg 207w, https:\/\/www.barv.pt\/wp-content\/uploads\/2022\/11\/pagina01-2-50x35.jpg 50w, https:\/\/www.barv.pt\/wp-content\/uploads\/2022\/11\/pagina01-2-106x75.jpg 106w, https:\/\/www.barv.pt\/wp-content\/uploads\/2022\/11\/pagina01-2-770x544.jpg 770w, https:\/\/www.barv.pt\/wp-content\/uploads\/2022\/11\/pagina01-2-370x262.jpg 370w\" sizes=\"auto, (max-width: 1024px) 100vw, 1024px\"><br \/>\n<a href=\"https:\/\/www.barv.pt\/wp-content\/uploads\/2022\/11\/Newsletter_utilizacao-de-imovel-da-heranca-por-cabeca-de-casal_23.11.2022.pdf\" role=\"button\"><br \/>\nDownload<br \/>\n<\/a><\/p>\n","protected":false},"excerpt":{"rendered":"<p>Download<\/p>\n","protected":false},"author":2,"featured_media":908,"comment_status":"closed","ping_status":"open","sticky":false,"template":"","format":"standard","meta":{"footnotes":""},"categories":[3],"tags":[],"class_list":["post-550","post","type-post","status-publish","format-standard","has-post-thumbnail","hentry","category-non-classe"],"_links":{"self":[{"href":"https:\/\/www.barv.pt\/index.php\/wp-json\/wp\/v2\/posts\/550","targetHints":{"allow":["GET"]}}],"collection":[{"href":"https:\/\/www.barv.pt\/index.php\/wp-json\/wp\/v2\/posts"}],"about":[{"href":"https:\/\/www.barv.pt\/index.php\/wp-json\/wp\/v2\/types\/post"}],"author":[{"embeddable":true,"href":"https:\/\/www.barv.pt\/index.php\/wp-json\/wp\/v2\/users\/2"}],"replies":[{"embeddable":true,"href":"https:\/\/www.barv.pt\/index.php\/wp-json\/wp\/v2\/comments?post=550"}],"version-history":[{"count":21,"href":"https:\/\/www.barv.pt\/index.php\/wp-json\/wp\/v2\/posts\/550\/revisions"}],"predecessor-version":[{"id":676,"href":"https:\/\/www.barv.pt\/index.php\/wp-json\/wp\/v2\/posts\/550\/revisions\/676"}],"wp:featuredmedia":[{"embeddable":true,"href":"https:\/\/www.barv.pt\/index.php\/wp-json\/wp\/v2\/media\/908"}],"wp:attachment":[{"href":"https:\/\/www.barv.pt\/index.php\/wp-json\/wp\/v2\/media?parent=550"}],"wp:term":[{"taxonomy":"category","embeddable":true,"href":"https:\/\/www.barv.pt\/index.php\/wp-json\/wp\/v2\/categories?post=550"},{"taxonomy":"post_tag","embeddable":true,"href":"https:\/\/www.barv.pt\/index.php\/wp-json\/wp\/v2\/tags?post=550"}],"curies":[{"name":"wp","href":"https:\/\/api.w.org\/{rel}","templated":true}]}}